{"id":1925,"date":"2026-03-15T16:31:54","date_gmt":"2026-03-15T15:31:54","guid":{"rendered":"https:\/\/www.ilgrandecuoredimoreno-onlus.it\/?p=1925"},"modified":"2026-03-15T16:31:54","modified_gmt":"2026-03-15T15:31:54","slug":"donazione-riscaldatore-radiante-ospedale-legnago","status":"publish","type":"post","link":"https:\/\/www.ilgrandecuoredimoreno-onlus.it\/?p=1925","title":{"rendered":"Donazione riscaldatore radiante Ospedale Legnago"},"content":{"rendered":"\n<p>Donato allOspedale di Legnago un riscaldatore radiante con carrello.<\/p>\n\n\n\n<p>Condividiamo quanto scritto da:<\/p>\n\n\n\n<p><em>Federico Zaglia, DM<\/em><br><em>Direttore U.O.C. Pediatria e Patologia Neonatale<\/em><\/p>\n\n\n\n<p>&#8220;<em>La nascita impone al neonato di assolvere due compiti irrinunciabili ai quali, prima di nascere, non pensava affatto:<\/em><\/p>\n\n\n\n<p><em>respirare aria (n<\/em><em>ell&#8217;utero non serviva, faceva tutto la placenta!) e&nbsp;<\/em><em>mantenersi al caldo (<\/em><em>dentro la mamma era facile!).<\/em><\/p>\n\n\n\n<p><em>Ma mentre a respirare&nbsp;inizia e prosegue se non ci sono problemi, mantenere la temperatura non \u00e8 facile.<\/em><\/p>\n\n\n\n<p><em>Va tenuto al caldo da subito in sala parto.<\/em><\/p>\n\n\n\n<p><em>Poi, ogni volta che viene lavato, cambiato, visitato, \u00e8 esposto alla temperatuta&nbsp;della stanza che \u00e8 sempre al di sotto dell&#8217;ideale (25\u00b0C).<\/em><\/p>\n\n\n\n<p><em>L&#8217;essere&nbsp;piccolo ed avere tanta superficie corporea esposta all&#8217;ambiente rispetto al peso basso, lo espone al rischio costante di ipotermia.<\/em><\/p>\n\n\n\n<p><em>Basta solo che il raffreddamento sia anche di un paio di gradi, che tutte le funzioni vitali ne soffrono (respiro, cuore, circolazione, glicemia).<\/em><\/p>\n\n\n\n<p><em>Questo \u00e8 ancora pi\u00f9 vero con i prematuri, che in proporzione si raffreddano persino di pi\u00f9.<\/em><\/p>\n\n\n\n<p><em>Ogni nostra necessit\u00e0 di spogliare il neonato andrebbe accompagnata da un modo di tenerlo caldo.<\/em><\/p>\n\n\n\n<p><em>Con la lampada che ci avete donato, il dopo lavaggio (per es.) sar\u00e0 meno traumatico.<\/em><\/p>\n\n\n\n<p><em>Pensiamo solo a noi quando usciamo dalla doccia ed il bagno \u00e8 freddo&#8230; ci basta poco, ma loro si raffreddanonin&nbsp;fretta e pagano un prezzo molto pi\u00f9 alto.<\/em><\/p>\n\n\n\n<p><em>Se penso ai lattantini&nbsp;che a Gaza sono fatti morire dal freddo&#8230;<\/em><\/p>\n\n\n\n<p>Un caro e grato saluto.<\/p>\n\n\n\n<figure class=\"wp-block-gallery has-nested-images columns-default is-cropped wp-block-gallery-1 is-layout-flex wp-block-gallery-is-layout-flex\">\n<figure class=\"wp-block-image size-large\"><img loading=\"lazy\" decoding=\"async\" width=\"768\" height=\"1024\" data-id=\"1926\" src=\"https:\/\/www.ilgrandecuoredimoreno-onlus.it\/wp-content\/uploads\/2026\/03\/LampadaRadiante-Legnago-768x1024.jpg\" alt=\"\" class=\"wp-image-1926\" srcset=\"https:\/\/www.ilgrandecuoredimoreno-onlus.it\/wp-content\/uploads\/2026\/03\/LampadaRadiante-Legnago-768x1024.jpg 768w, https:\/\/www.ilgrandecuoredimoreno-onlus.it\/wp-content\/uploads\/2026\/03\/LampadaRadiante-Legnago-225x300.jpg 225w, https:\/\/www.ilgrandecuoredimoreno-onlus.it\/wp-content\/uploads\/2026\/03\/LampadaRadiante-Legnago-1152x1536.jpg 1152w, https:\/\/www.ilgrandecuoredimoreno-onlus.it\/wp-content\/uploads\/2026\/03\/LampadaRadiante-Legnago-38x50.jpg 38w, https:\/\/www.ilgrandecuoredimoreno-onlus.it\/wp-content\/uploads\/2026\/03\/LampadaRadiante-Legnago.jpg 1200w\" sizes=\"auto, (max-width: 768px) 100vw, 768px\" \/><\/figure>\n\n\n\n<figure class=\"wp-block-image size-large\"><img loading=\"lazy\" decoding=\"async\" width=\"768\" height=\"1024\" data-id=\"1927\" src=\"https:\/\/www.ilgrandecuoredimoreno-onlus.it\/wp-content\/uploads\/2026\/03\/LampadaRadianteLegnago-768x1024.jpg\" alt=\"\" class=\"wp-image-1927\" srcset=\"https:\/\/www.ilgrandecuoredimoreno-onlus.it\/wp-content\/uploads\/2026\/03\/LampadaRadianteLegnago-768x1024.jpg 768w, https:\/\/www.ilgrandecuoredimoreno-onlus.it\/wp-content\/uploads\/2026\/03\/LampadaRadianteLegnago-225x300.jpg 225w, https:\/\/www.ilgrandecuoredimoreno-onlus.it\/wp-content\/uploads\/2026\/03\/LampadaRadianteLegnago-1152x1536.jpg 1152w, https:\/\/www.ilgrandecuoredimoreno-onlus.it\/wp-content\/uploads\/2026\/03\/LampadaRadianteLegnago-38x50.jpg 38w, https:\/\/www.ilgrandecuoredimoreno-onlus.it\/wp-content\/uploads\/2026\/03\/LampadaRadianteLegnago.jpg 1200w\" sizes=\"auto, (max-width: 768px) 100vw, 768px\" \/><\/figure>\n<\/figure>\n","protected":false},"excerpt":{"rendered":"<p>Donato allOspedale di Legnago un riscaldatore radiante con carrello. Condividiamo quanto scritto da: Federico Zaglia, DMDirettore U.O.C. Pediatria e Patologia Neonatale &#8220;La nascita impone al neonato di assolvere due compiti irrinunciabili ai quali, prima di nascere, non pensava affatto: respirare aria (nell&#8217;utero non serviva, faceva tutto la placenta!) e&nbsp;mantenersi al<\/p>\n","protected":false},"author":1,"featured_media":0,"comment_status":"open","ping_status":"closed","sticky":false,"template":"","format":"standard","meta":{"sfsi_plus_gutenberg_text_before_share":"","sfsi_plus_gutenberg_show_text_before_share":"","sfsi_plus_gutenberg_icon_type":"","sfsi_plus_gutenberg_icon_alignemt":"","sfsi_plus_gutenburg_max_per_row":"","footnotes":""},"categories":[3],"tags":[],"class_list":["post-1925","post","type-post","status-publish","format-standard","hentry","category-pubblicazioni"],"_links":{"self":[{"href":"https:\/\/www.ilgrandecuoredimoreno-onlus.it\/index.php?rest_route=\/wp\/v2\/posts\/1925","targetHints":{"allow":["GET"]}}],"collection":[{"href":"https:\/\/www.ilgrandecuoredimoreno-onlus.it\/index.php?rest_route=\/wp\/v2\/posts"}],"about":[{"href":"https:\/\/www.ilgrandecuoredimoreno-onlus.it\/index.php?rest_route=\/wp\/v2\/types\/post"}],"author":[{"embeddable":true,"href":"https:\/\/www.ilgrandecuoredimoreno-onlus.it\/index.php?rest_route=\/wp\/v2\/users\/1"}],"replies":[{"embeddable":true,"href":"https:\/\/www.ilgrandecuoredimoreno-onlus.it\/index.php?rest_route=%2Fwp%2Fv2%2Fcomments&post=1925"}],"version-history":[{"count":1,"href":"https:\/\/www.ilgrandecuoredimoreno-onlus.it\/index.php?rest_route=\/wp\/v2\/posts\/1925\/revisions"}],"predecessor-version":[{"id":1928,"href":"https:\/\/www.ilgrandecuoredimoreno-onlus.it\/index.php?rest_route=\/wp\/v2\/posts\/1925\/revisions\/1928"}],"wp:attachment":[{"href":"https:\/\/www.ilgrandecuoredimoreno-onlus.it\/index.php?rest_route=%2Fwp%2Fv2%2Fmedia&parent=1925"}],"wp:term":[{"taxonomy":"category","embeddable":true,"href":"https:\/\/www.ilgrandecuoredimoreno-onlus.it\/index.php?rest_route=%2Fwp%2Fv2%2Fcategories&post=1925"},{"taxonomy":"post_tag","embeddable":true,"href":"https:\/\/www.ilgrandecuoredimoreno-onlus.it\/index.php?rest_route=%2Fwp%2Fv2%2Ftags&post=1925"}],"curies":[{"name":"wp","href":"https:\/\/api.w.org\/{rel}","templated":true}]}}